{"id":224,"date":"2025-01-04T09:26:27","date_gmt":"2025-01-04T09:26:27","guid":{"rendered":"https:\/\/soruoyunu.com\/blog\/?p=224"},"modified":"2025-01-04T09:26:27","modified_gmt":"2025-01-04T09:26:27","slug":"karamanogullari-beyligi-ve-mehmet-bey","status":"publish","type":"post","link":"https:\/\/soruoyunu.com\/blog\/2025\/01\/04\/karamanogullari-beyligi-ve-mehmet-bey\/","title":{"rendered":"Karamano\u011fullar\u0131 Beyli\u011fi Ve Mehmet Bey"},"content":{"rendered":"\n<p>Karamano\u011fullar\u0131 Beyli\u011fi, Anadolu Sel\u00e7uklu Devleti&#8217;nin g\u00fcc\u00fcn\u00fc yitirdi\u011fi 13. y\u00fczy\u0131l ortalar\u0131nda Karaman Bey taraf\u0131ndan kuruldu. O\u011fuzlar\u0131n Av\u015far boyuna mensup olan beyli\u011fin ilk merkezi Ermenek, daha sonra ise Larende (g\u00fcn\u00fcm\u00fcz Karaman) olmu\u015ftur. Karamano\u011fullar\u0131, Anadolu\u2019da \u00fcst\u00fcn bir siyasi varl\u0131k olu\u015fturmu\u015f ve \u00f6zellikle T\u00fcrk diline verdikleri \u00f6nemle tan\u0131nm\u0131\u015flard\u0131r. 1277 y\u0131l\u0131nda Karamano\u011flu Mehmet Bey taraf\u0131ndan T\u00fcrk\u00e7e, resmi dil olarak ilan edilmi\u015ftir. Bu karar, T\u00fcrk dilinin geli\u015fimi a\u00e7\u0131s\u0131ndan d\u00f6nemin en \u00f6nemli olay\u0131d\u0131r.<\/p>\n\n\n\n<p>Beylik, \u0130\u00e7 Anadolu\u2019nun b\u00fcy\u00fck bir k\u0131sm\u0131nda egemenlik kurmu\u015f ve Toroslar\u0131n b\u00fcy\u00fck \u00e7o\u011funlu\u011fu ve Akdeniz&#8217;e kadar etkili olmu\u015ftur. Sel\u00e7uklu Devleti\u2019nin y\u0131k\u0131l\u0131\u015f s\u00fcrecinde g\u00fc\u00e7lenen Karamano\u011fullar\u0131, \u00e7o\u011fu zaman Osmanl\u0131larla \u00e7at\u0131\u015fm\u0131\u015f ve b\u00f6lgedeki en b\u00fcy\u00fck etkenlerden biri olmu\u015ftur. Ancak Osmanl\u0131lar\u0131n giderek g\u00fc\u00e7lenmesiyle beylik zay\u0131flam\u0131\u015f ve 1487 y\u0131l\u0131nda tamamen Osmanl\u0131 topraklar\u0131na kat\u0131lm\u0131\u015ft\u0131r. Karamano\u011fullar\u0131, T\u00fcrk dilini ve geleneklerini koruma \u00e7abalar\u0131yla T\u00fcrk tarihinde \u00f6nemli bir yer edinmi\u015ftir.<\/p>\n","protected":false},"excerpt":{"rendered":"<p>Karamano\u011fullar\u0131 Beyli\u011fi, Anadolu Sel\u00e7uklu Devleti&#8217;nin g\u00fcc\u00fcn\u00fc yitirdi\u011fi 13. y\u00fczy\u0131l ortalar\u0131nda Karaman Bey taraf\u0131ndan kuruldu. O\u011fuzlar\u0131n Av\u015far boyuna mensup olan beyli\u011fin ilk merkezi Ermenek, daha sonra ise Larende (g\u00fcn\u00fcm\u00fcz Karaman) olmu\u015ftur. Karamano\u011fullar\u0131, Anadolu\u2019da \u00fcst\u00fcn bir siyasi varl\u0131k olu\u015fturmu\u015f ve \u00f6zellikle T\u00fcrk &hellip; <\/p>\n","protected":false},"author":1,"featured_media":225,"comment_status":"open","ping_status":"open","sticky":false,"template":"","format":"standard","meta":{"footnotes":""},"categories":[4],"tags":[12],"class_list":["post-224","post","type-post","status-publish","format-standard","has-post-thumbnail","hentry","category-genel-kultur-sorulari","tag-tarih"],"_links":{"self":[{"href":"https:\/\/soruoyunu.com\/blog\/wp-json\/wp\/v2\/posts\/224","targetHints":{"allow":["GET"]}}],"collection":[{"href":"https:\/\/soruoyunu.com\/blog\/wp-json\/wp\/v2\/posts"}],"about":[{"href":"https:\/\/soruoyunu.com\/blog\/wp-json\/wp\/v2\/types\/post"}],"author":[{"embeddable":true,"href":"https:\/\/soruoyunu.com\/blog\/wp-json\/wp\/v2\/users\/1"}],"replies":[{"embeddable":true,"href":"https:\/\/soruoyunu.com\/blog\/wp-json\/wp\/v2\/comments?post=224"}],"version-history":[{"count":1,"href":"https:\/\/soruoyunu.com\/blog\/wp-json\/wp\/v2\/posts\/224\/revisions"}],"predecessor-version":[{"id":226,"href":"https:\/\/soruoyunu.com\/blog\/wp-json\/wp\/v2\/posts\/224\/revisions\/226"}],"wp:featuredmedia":[{"embeddable":true,"href":"https:\/\/soruoyunu.com\/blog\/wp-json\/wp\/v2\/media\/225"}],"wp:attachment":[{"href":"https:\/\/soruoyunu.com\/blog\/wp-json\/wp\/v2\/media?parent=224"}],"wp:term":[{"taxonomy":"category","embeddable":true,"href":"https:\/\/soruoyunu.com\/blog\/wp-json\/wp\/v2\/categories?post=224"},{"taxonomy":"post_tag","embeddable":true,"href":"https:\/\/soruoyunu.com\/blog\/wp-json\/wp\/v2\/tags?post=224"}],"curies":[{"name":"wp","href":"https:\/\/api.w.org\/{rel}","templated":true}]}}