{"id":227,"date":"2025-01-04T09:32:03","date_gmt":"2025-01-04T09:32:03","guid":{"rendered":"https:\/\/soruoyunu.com\/blog\/?p=227"},"modified":"2025-01-04T09:32:03","modified_gmt":"2025-01-04T09:32:03","slug":"abdurrahim-karakoc-kimdir","status":"publish","type":"post","link":"https:\/\/soruoyunu.com\/blog\/2025\/01\/04\/abdurrahim-karakoc-kimdir\/","title":{"rendered":"Abdurrahim Karako\u00e7 Kimdir?"},"content":{"rendered":"\n<p><strong>Abdurrahim Karako\u00e7<\/strong>, 7 Nisan 1932&#8217;de Kahramanmara\u015f&#8217;\u0131n Elbistan il\u00e7esinde do\u011fmu\u015f, T\u00fcrk \u015fair ve yazard\u0131r. Geleneksel bir \u00e7evrede b\u00fcy\u00fcyen Karako\u00e7, ailesinden gelen edebiyat sevgisiyle ve \u015fiirlerle yo\u011frulmu\u015ftur. \u0130lkokuldan sonra e\u011fitim ya\u015fam\u0131n\u0131 s\u00fcrd\u00fcrememi\u015f, 1958&#8217;de belediye muhasebesinde \u00e7al\u0131\u015fmaya ba\u015flam\u0131\u015f ve 1981&#8217;de emekli olmu\u015ftur. \u015eiirlerine &#8220;Hasan&#8217;a Mektuplar&#8221; adl\u0131 eseriyle ba\u015flam\u0131\u015f, 1964 y\u0131l\u0131nda bu \u015fiirlerini yay\u0131mlam\u0131\u015ft\u0131r.<\/p>\n\n\n\n<p>Toplamda on \u015fiir kitab\u0131 ve bir deneme kitab\u0131 yay\u0131mlam\u0131\u015f olan Karako\u00e7, eserlerinde toplumsal sorunlar\u0131, siyasi dengesizlikleri ve insan haklar\u0131 konular\u0131n\u0131 i\u015flemi\u015ftir. \u00d6zellikle 27 May\u0131s Darbesi&#8217;ni ve d\u00f6nemin haks\u0131zl\u0131klar\u0131n\u0131 hicvetmi\u015f, yazd\u0131\u011f\u0131 \u015fiirlerle toplumsal olaylara ve insan haklar\u0131n\u0131n \u00e7i\u011fnendi\u011fine ilgi \u00e7ekmi\u015ftir. \u015eiirlerinde T\u00fcrk halk edebiyat\u0131ndan izler ta\u015f\u0131yan Karako\u00e7, toplumsal duyarl\u0131l\u0131\u011f\u0131 ve derin anlamlar i\u00e7eren \u00e7al\u0131\u015fmalar\u0131yla tan\u0131n\u0131r.<\/p>\n\n\n\n<p>Ya\u015fam\u0131n\u0131n son y\u0131llar\u0131nda \u015fiirleri ve d\u00fc\u015f\u00fcnceleriyle halk\u0131n haf\u0131zas\u0131nda yer edinmi\u015f ve 7 Haziran 2012&#8217;de Ankara&#8217;da ya\u015fama g\u00f6zlerini yummu\u015ftur. Karako\u00e7, arkas\u0131nda g\u00fc\u00e7l\u00fc bir edebi miras b\u0131rakm\u0131\u015f bir \u015fair olarak T\u00fcrk edebiyat\u0131nda \u00f6nemli bir yer edinmi\u015ftir.<\/p>\n","protected":false},"excerpt":{"rendered":"<p>Abdurrahim Karako\u00e7, 7 Nisan 1932&#8217;de Kahramanmara\u015f&#8217;\u0131n Elbistan il\u00e7esinde do\u011fmu\u015f, T\u00fcrk \u015fair ve yazard\u0131r. Geleneksel bir \u00e7evrede b\u00fcy\u00fcyen Karako\u00e7, ailesinden gelen edebiyat sevgisiyle ve \u015fiirlerle yo\u011frulmu\u015ftur. \u0130lkokuldan sonra e\u011fitim ya\u015fam\u0131n\u0131 s\u00fcrd\u00fcrememi\u015f, 1958&#8217;de belediye muhasebesinde \u00e7al\u0131\u015fmaya ba\u015flam\u0131\u015f ve 1981&#8217;de emekli olmu\u015ftur. \u015eiirlerine &hellip; <\/p>\n","protected":false},"author":1,"featured_media":228,"comment_status":"open","ping_status":"open","sticky":false,"template":"","format":"standard","meta":{"footnotes":""},"categories":[4],"tags":[14],"class_list":["post-227","post","type-post","status-publish","format-standard","has-post-thumbnail","hentry","category-genel-kultur-sorulari","tag-edebiyat"],"_links":{"self":[{"href":"https:\/\/soruoyunu.com\/blog\/wp-json\/wp\/v2\/posts\/227","targetHints":{"allow":["GET"]}}],"collection":[{"href":"https:\/\/soruoyunu.com\/blog\/wp-json\/wp\/v2\/posts"}],"about":[{"href":"https:\/\/soruoyunu.com\/blog\/wp-json\/wp\/v2\/types\/post"}],"author":[{"embeddable":true,"href":"https:\/\/soruoyunu.com\/blog\/wp-json\/wp\/v2\/users\/1"}],"replies":[{"embeddable":true,"href":"https:\/\/soruoyunu.com\/blog\/wp-json\/wp\/v2\/comments?post=227"}],"version-history":[{"count":1,"href":"https:\/\/soruoyunu.com\/blog\/wp-json\/wp\/v2\/posts\/227\/revisions"}],"predecessor-version":[{"id":229,"href":"https:\/\/soruoyunu.com\/blog\/wp-json\/wp\/v2\/posts\/227\/revisions\/229"}],"wp:featuredmedia":[{"embeddable":true,"href":"https:\/\/soruoyunu.com\/blog\/wp-json\/wp\/v2\/media\/228"}],"wp:attachment":[{"href":"https:\/\/soruoyunu.com\/blog\/wp-json\/wp\/v2\/media?parent=227"}],"wp:term":[{"taxonomy":"category","embeddable":true,"href":"https:\/\/soruoyunu.com\/blog\/wp-json\/wp\/v2\/categories?post=227"},{"taxonomy":"post_tag","embeddable":true,"href":"https:\/\/soruoyunu.com\/blog\/wp-json\/wp\/v2\/tags?post=227"}],"curies":[{"name":"wp","href":"https:\/\/api.w.org\/{rel}","templated":true}]}}