{"id":233,"date":"2025-01-04T09:43:14","date_gmt":"2025-01-04T09:43:14","guid":{"rendered":"https:\/\/soruoyunu.com\/blog\/?p=233"},"modified":"2025-01-04T09:43:14","modified_gmt":"2025-01-04T09:43:14","slug":"ilk-turk-kadin-pilotumuz-kimdir","status":"publish","type":"post","link":"https:\/\/soruoyunu.com\/blog\/2025\/01\/04\/ilk-turk-kadin-pilotumuz-kimdir\/","title":{"rendered":"\u0130lk T\u00fcrk kad\u0131n pilotumuz kimdir?"},"content":{"rendered":"\n<p>\u0130lk T\u00fcrk kad\u0131n pilotumuz, <strong>Sabiha G\u00f6k\u00e7en<\/strong>\u2019dir. 22 Mart 1913 tarihinde Bursa&#8217;da do\u011fan Sabiha G\u00f6k\u00e7en, Atat\u00fcrk&#8217;\u00fcn yard\u0131m\u0131yla havac\u0131l\u0131k e\u011fitimi alm\u0131\u015f ve T\u00fcrk Hava Kurumu&#8217;ndan e\u011fitimini bitirerek 1936 y\u0131l\u0131nda T\u00fcrkiye&#8217;nin ilk kad\u0131n sava\u015f pilotu olmu\u015ftur.<\/p>\n\n\n\n<p>Sabiha G\u00f6k\u00e7en, yaln\u0131zca T\u00fcrkiye&#8217;nin de\u011fil, d\u00fcnyan\u0131n da ilk kad\u0131n sava\u015f pilotlar\u0131ndan biridir. 1937 y\u0131l\u0131nda T\u00fcrk Hava Kuvvetleri&#8217;ne kat\u0131larak, T\u00fcrk kad\u0131n\u0131n\u0131n havac\u0131l\u0131k alan\u0131ndaki rol\u00fcn\u00fc \u00f6n plana \u00e7\u0131karm\u0131\u015ft\u0131r. Ayr\u0131ca, \u00e7ok say\u0131da hava g\u00f6sterisi yapm\u0131\u015f ve d\u00fcnyada \u00fcn kazanan bir pilot olmu\u015ftur. G\u00f6k\u00e7en, \u00fcst\u00fcn \u00e7abalar\u0131yla T\u00fcrk kad\u0131n\u0131n\u0131n toplumsal ya\u015famda daha etkin bir rol \u00fcstlenmesinde \u00f6nemli bir simge olmu\u015ftur.<\/p>\n\n\n\n<p>Sabiha G\u00f6k\u00e7en bug\u00fcn de T\u00fcrk havac\u0131l\u0131\u011f\u0131nda b\u00fcy\u00fck bir gurur kayna\u011f\u0131 olarak an\u0131lmaktad\u0131r. 1955 y\u0131l\u0131nda emekli olduktan sonra, Sabiha G\u00f6k\u00e7en, uzun y\u0131llar boyunca T\u00fcrk havac\u0131l\u0131\u011f\u0131n\u0131n geli\u015fmesine katk\u0131da bulunmu\u015f ve T\u00fcrk kad\u0131nlar\u0131n\u0131n ba\u015far\u0131lar\u0131n\u0131 simgeleyen bir ki\u015filik olmu\u015ftur.<\/p>\n","protected":false},"excerpt":{"rendered":"<p>\u0130lk T\u00fcrk kad\u0131n pilotumuz, Sabiha G\u00f6k\u00e7en\u2019dir. 22 Mart 1913 tarihinde Bursa&#8217;da do\u011fan Sabiha G\u00f6k\u00e7en, Atat\u00fcrk&#8217;\u00fcn yard\u0131m\u0131yla havac\u0131l\u0131k e\u011fitimi alm\u0131\u015f ve T\u00fcrk Hava Kurumu&#8217;ndan e\u011fitimini bitirerek 1936 y\u0131l\u0131nda T\u00fcrkiye&#8217;nin ilk kad\u0131n sava\u015f pilotu olmu\u015ftur. Sabiha G\u00f6k\u00e7en, yaln\u0131zca T\u00fcrkiye&#8217;nin de\u011fil, d\u00fcnyan\u0131n da &hellip; <\/p>\n","protected":false},"author":1,"featured_media":234,"comment_status":"open","ping_status":"open","sticky":false,"template":"","format":"standard","meta":{"footnotes":""},"categories":[4],"tags":[12],"class_list":["post-233","post","type-post","status-publish","format-standard","has-post-thumbnail","hentry","category-genel-kultur-sorulari","tag-tarih"],"_links":{"self":[{"href":"https:\/\/soruoyunu.com\/blog\/wp-json\/wp\/v2\/posts\/233","targetHints":{"allow":["GET"]}}],"collection":[{"href":"https:\/\/soruoyunu.com\/blog\/wp-json\/wp\/v2\/posts"}],"about":[{"href":"https:\/\/soruoyunu.com\/blog\/wp-json\/wp\/v2\/types\/post"}],"author":[{"embeddable":true,"href":"https:\/\/soruoyunu.com\/blog\/wp-json\/wp\/v2\/users\/1"}],"replies":[{"embeddable":true,"href":"https:\/\/soruoyunu.com\/blog\/wp-json\/wp\/v2\/comments?post=233"}],"version-history":[{"count":1,"href":"https:\/\/soruoyunu.com\/blog\/wp-json\/wp\/v2\/posts\/233\/revisions"}],"predecessor-version":[{"id":235,"href":"https:\/\/soruoyunu.com\/blog\/wp-json\/wp\/v2\/posts\/233\/revisions\/235"}],"wp:featuredmedia":[{"embeddable":true,"href":"https:\/\/soruoyunu.com\/blog\/wp-json\/wp\/v2\/media\/234"}],"wp:attachment":[{"href":"https:\/\/soruoyunu.com\/blog\/wp-json\/wp\/v2\/media?parent=233"}],"wp:term":[{"taxonomy":"category","embeddable":true,"href":"https:\/\/soruoyunu.com\/blog\/wp-json\/wp\/v2\/categories?post=233"},{"taxonomy":"post_tag","embeddable":true,"href":"https:\/\/soruoyunu.com\/blog\/wp-json\/wp\/v2\/tags?post=233"}],"curies":[{"name":"wp","href":"https:\/\/api.w.org\/{rel}","templated":true}]}}