{"id":239,"date":"2025-01-04T09:53:38","date_gmt":"2025-01-04T09:53:38","guid":{"rendered":"https:\/\/soruoyunu.com\/blog\/?p=239"},"modified":"2025-01-04T09:53:38","modified_gmt":"2025-01-04T09:53:38","slug":"kuranda-adi-gecen-kadin-kimdir","status":"publish","type":"post","link":"https:\/\/soruoyunu.com\/blog\/2025\/01\/04\/kuranda-adi-gecen-kadin-kimdir\/","title":{"rendered":"Kuran&#8217;da ad\u0131 ge\u00e7en kad\u0131n kimdir?"},"content":{"rendered":"\n<p>Kur&#8217;an-\u0131 Kerim&#8217;de ad\u0131 ge\u00e7en tek kad\u0131n <strong>Hz. Meryem<\/strong>\u2019dir. Hz. Meryem, \u0130slam&#8217;da \u00e7ok sayg\u0131 duyulan bir ki\u015fidir ve Kur&#8217;an\u2019da <strong>Meryem Suresi<\/strong>&#8216;nde ayr\u0131nt\u0131l\u0131 bir \u015fekilde anlat\u0131lmaktad\u0131r. Hz. Meryem, Allah\u2019\u0131n emri ve izniyle bakire olarak Hz. \u0130sa\u2019y\u0131 do\u011furmu\u015ftur. Kur&#8217;an\u2019da onun iffetli ve Allah\u2019a ba\u011fl\u0131 bir kad\u0131n olarak \u00f6v\u00fclmesi, onun y\u00fcksek erdemli ve manevi de\u011ferlerini vurgulamaktad\u0131r.<\/p>\n\n\n\n<p>Kur&#8217;an&#8217;da onun ya\u015fam\u0131, Allah\u2019a olan g\u00fcveni, sabr\u0131 ve ba\u011fl\u0131l\u0131\u011f\u0131 \u00e7ok \u00f6nemli bir \u00f6\u011freti kayna\u011f\u0131 olarak yer al\u0131r. Ayr\u0131ca Hz. Meryem, yaln\u0131zca \u0130slam\u2019da de\u011fil, Hristiyanl\u0131k ve Musevilikte de \u00f6nemli bir ki\u015filik olarak sayg\u0131 duyulur.<\/p>\n","protected":false},"excerpt":{"rendered":"<p>Kur&#8217;an-\u0131 Kerim&#8217;de ad\u0131 ge\u00e7en tek kad\u0131n Hz. Meryem\u2019dir. Hz. Meryem, \u0130slam&#8217;da \u00e7ok sayg\u0131 duyulan bir ki\u015fidir ve Kur&#8217;an\u2019da Meryem Suresi&#8216;nde ayr\u0131nt\u0131l\u0131 bir \u015fekilde anlat\u0131lmaktad\u0131r. Hz. Meryem, Allah\u2019\u0131n emri ve izniyle bakire olarak Hz. \u0130sa\u2019y\u0131 do\u011furmu\u015ftur. Kur&#8217;an\u2019da onun iffetli ve Allah\u2019a &hellip; <\/p>\n","protected":false},"author":1,"featured_media":240,"comment_status":"open","ping_status":"open","sticky":false,"template":"","format":"standard","meta":{"footnotes":""},"categories":[4],"tags":[15],"class_list":["post-239","post","type-post","status-publish","format-standard","has-post-thumbnail","hentry","category-genel-kultur-sorulari","tag-din-kulturu"],"_links":{"self":[{"href":"https:\/\/soruoyunu.com\/blog\/wp-json\/wp\/v2\/posts\/239","targetHints":{"allow":["GET"]}}],"collection":[{"href":"https:\/\/soruoyunu.com\/blog\/wp-json\/wp\/v2\/posts"}],"about":[{"href":"https:\/\/soruoyunu.com\/blog\/wp-json\/wp\/v2\/types\/post"}],"author":[{"embeddable":true,"href":"https:\/\/soruoyunu.com\/blog\/wp-json\/wp\/v2\/users\/1"}],"replies":[{"embeddable":true,"href":"https:\/\/soruoyunu.com\/blog\/wp-json\/wp\/v2\/comments?post=239"}],"version-history":[{"count":1,"href":"https:\/\/soruoyunu.com\/blog\/wp-json\/wp\/v2\/posts\/239\/revisions"}],"predecessor-version":[{"id":241,"href":"https:\/\/soruoyunu.com\/blog\/wp-json\/wp\/v2\/posts\/239\/revisions\/241"}],"wp:featuredmedia":[{"embeddable":true,"href":"https:\/\/soruoyunu.com\/blog\/wp-json\/wp\/v2\/media\/240"}],"wp:attachment":[{"href":"https:\/\/soruoyunu.com\/blog\/wp-json\/wp\/v2\/media?parent=239"}],"wp:term":[{"taxonomy":"category","embeddable":true,"href":"https:\/\/soruoyunu.com\/blog\/wp-json\/wp\/v2\/categories?post=239"},{"taxonomy":"post_tag","embeddable":true,"href":"https:\/\/soruoyunu.com\/blog\/wp-json\/wp\/v2\/tags?post=239"}],"curies":[{"name":"wp","href":"https:\/\/api.w.org\/{rel}","templated":true}]}}