{"id":250,"date":"2025-01-05T14:51:42","date_gmt":"2025-01-05T14:51:42","guid":{"rendered":"https:\/\/soruoyunu.com\/blog\/?p=250"},"modified":"2025-01-05T14:53:04","modified_gmt":"2025-01-05T14:53:04","slug":"ede-ne-demektir","status":"publish","type":"post","link":"https:\/\/soruoyunu.com\/blog\/2025\/01\/05\/ede-ne-demektir\/","title":{"rendered":"Ede Ne Demektir?"},"content":{"rendered":"\n<p>&#8220;Ede&#8221; s\u00f6zc\u00fc\u011f\u00fc, ba\u015fta Kahramanmara\u015f olmak \u00fczere, <a href=\"https:\/\/facebook.com\/avsartr\" data-type=\"link\" data-id=\"https:\/\/facebook.com\/avsartr\">Av\u015far T\u00fcrkleri<\/a>nin yo\u011fun ya\u015fad\u0131\u011f\u0131; Kayseri, Adana, Ad\u0131yaman, Osmaniye ve Gaziantep&#8217;in baz\u0131 il\u00e7elerinde s\u0131k\u00e7a kullan\u0131l\u0131r. T\u00fcrk k\u00fclt\u00fcr\u00fcnde genellikle a\u011fabey, b\u00fcy\u00fck erkek karde\u015f ya da i\u00e7ten bir seslenme \u015fekli olarak kullan\u0131l\u0131r. Ede kavram\u0131, sayg\u0131, sevgi ve i\u00e7tenli\u011fi belirtir. Ayn\u0131 zamanda b\u00fcy\u00fcklere kar\u015f\u0131 da geleneksel bir ba\u011fl\u0131l\u0131k ve ili\u015fkiyi simgeler. Hem ya\u015f\u0131tlar aras\u0131nda hem de ya\u015f\u0131 \u00fcst\u00fcn olanlara kar\u015f\u0131 bir seslenme bi\u00e7imidir.<\/p>\n","protected":false},"excerpt":{"rendered":"<p>&#8220;Ede&#8221; s\u00f6zc\u00fc\u011f\u00fc, ba\u015fta Kahramanmara\u015f olmak \u00fczere, Av\u015far T\u00fcrklerinin yo\u011fun ya\u015fad\u0131\u011f\u0131; Kayseri, Adana, Ad\u0131yaman, Osmaniye ve Gaziantep&#8217;in baz\u0131 il\u00e7elerinde s\u0131k\u00e7a kullan\u0131l\u0131r. T\u00fcrk k\u00fclt\u00fcr\u00fcnde genellikle a\u011fabey, b\u00fcy\u00fck erkek karde\u015f ya da i\u00e7ten bir seslenme \u015fekli olarak kullan\u0131l\u0131r. Ede kavram\u0131, sayg\u0131, sevgi ve &hellip; <\/p>\n","protected":false},"author":1,"featured_media":251,"comment_status":"open","ping_status":"open","sticky":false,"template":"","format":"standard","meta":{"footnotes":""},"categories":[4],"tags":[16],"class_list":["post-250","post","type-post","status-publish","format-standard","has-post-thumbnail","hentry","category-genel-kultur-sorulari","tag-guncel-bilgiler"],"_links":{"self":[{"href":"https:\/\/soruoyunu.com\/blog\/wp-json\/wp\/v2\/posts\/250","targetHints":{"allow":["GET"]}}],"collection":[{"href":"https:\/\/soruoyunu.com\/blog\/wp-json\/wp\/v2\/posts"}],"about":[{"href":"https:\/\/soruoyunu.com\/blog\/wp-json\/wp\/v2\/types\/post"}],"author":[{"embeddable":true,"href":"https:\/\/soruoyunu.com\/blog\/wp-json\/wp\/v2\/users\/1"}],"replies":[{"embeddable":true,"href":"https:\/\/soruoyunu.com\/blog\/wp-json\/wp\/v2\/comments?post=250"}],"version-history":[{"count":4,"href":"https:\/\/soruoyunu.com\/blog\/wp-json\/wp\/v2\/posts\/250\/revisions"}],"predecessor-version":[{"id":255,"href":"https:\/\/soruoyunu.com\/blog\/wp-json\/wp\/v2\/posts\/250\/revisions\/255"}],"wp:featuredmedia":[{"embeddable":true,"href":"https:\/\/soruoyunu.com\/blog\/wp-json\/wp\/v2\/media\/251"}],"wp:attachment":[{"href":"https:\/\/soruoyunu.com\/blog\/wp-json\/wp\/v2\/media?parent=250"}],"wp:term":[{"taxonomy":"category","embeddable":true,"href":"https:\/\/soruoyunu.com\/blog\/wp-json\/wp\/v2\/categories?post=250"},{"taxonomy":"post_tag","embeddable":true,"href":"https:\/\/soruoyunu.com\/blog\/wp-json\/wp\/v2\/tags?post=250"}],"curies":[{"name":"wp","href":"https:\/\/api.w.org\/{rel}","templated":true}]}}